{"id":16737,"date":"2023-01-30T10:19:27","date_gmt":"2023-01-30T08:19:27","guid":{"rendered":"http:\/\/riac.lv\/?p=16737"},"modified":"2023-01-30T10:21:33","modified_gmt":"2023-01-30T08:21:33","slug":"rpac-skolenu-pasparvalde-iepazist-fotografesanas-makslu","status":"publish","type":"post","link":"https:\/\/riac.lv\/?p=16737","title":{"rendered":"RPAC skol\u0113nu pa\u0161p\u0101rvalde iepaz\u012bst fotograf\u0113\u0161anas m\u0101kslu!"},"content":{"rendered":"\t\t<div data-elementor-type=\"wp-post\" data-elementor-id=\"16737\" class=\"elementor elementor-16737\">\n\t\t\t\t<div data-particle_enable=\"false\" data-particle-mobile-disabled=\"false\" class=\"elementor-element elementor-element-e48564e e-flex e-con-boxed e-con e-parent\" data-id=\"e48564e\" data-element_type=\"container\" data-e-type=\"container\">\n\t\t\t\t\t<div class=\"e-con-inner\">\n\t\t\t\t<div class=\"elementor-element elementor-element-dbbdb86 elementor-widget elementor-widget-text-editor\" data-id=\"dbbdb86\" data-element_type=\"widget\" data-e-type=\"widget\" data-widget_type=\"text-editor.default\">\n\t\t\t\t\t\t\t\t\t<div class=\"x11i5rnm xat24cr x1mh8g0r x1vvkbs xdj266r x126k92a\"><div dir=\"auto\">R\u0113zeknes pamatskolas \u2013 att\u012bst\u012bbas centra skol\u0113nu pa\u0161p\u0101rvalde kop\u0101 ar 9. klas\u0113m sadarb\u012bb\u0101 ar skolas pedagogu, karjeras konsultantu 26. janv\u0101r\u012b iepazin\u0101s ar fotograf\u0113\u0161anas v\u0113sturi, izm\u0113\u0123in\u0101ja patst\u0101v\u012bgi fotograf\u0113t un att\u012bst\u012bt bildes, noskaidroja k\u0101das profesijas saist\u012btas ar \u0161o jomu.<\/div><\/div><div class=\"x11i5rnm xat24cr x1mh8g0r x1vvkbs xtlvy1s x126k92a\"><div dir=\"auto\">\u201cSen\u0101s\u201d fotograf\u0113\u0161anas entuziasts A. U\u0161k\u0101ns skol\u0113niem sniedza inform\u0101ciju par fotogr\u0101fijas ra\u0161an\u0101s v\u0113sturi, fotogr\u0101fiju veidiem, to att\u012bst\u012b\u0161anas procesiem, demonstr\u0113ja fotograf\u0113\u0161anas un att\u012bst\u012b\u0161anas procesu uz iepriek\u0161\u0113j\u0101s paaudzes fotoapar\u0101ta. Nodarb\u012bbas praktiskaj\u0101 da\u013c\u0101 skol\u0113niem bija iesp\u0113ja pa\u0161iem izm\u0113\u0123in\u0101t visu procesu no s\u0101kuma l\u012bdz beig\u0101m un rezult\u0101t\u0101 sa\u0146emt melnbaltas, senlaic\u012bgas bildes.<\/div><\/div><div class=\"x11i5rnm xat24cr x1mh8g0r x1vvkbs xtlvy1s x126k92a\"><div dir=\"auto\">R\u0113zeknes pamatskola &#8211; att\u012bst\u012bbas centrs izsaka pateic\u012bbu A. U\u0161k\u0101nam par pied\u0101v\u0101to aktivit\u0101ti un izsme\u013co\u0161o, interesanto st\u0101st\u012bjumu.<\/div><\/div><div class=\"x11i5rnm xat24cr x1mh8g0r x1vvkbs xtlvy1s x126k92a\"><div dir=\"auto\">\u00a0 \u00a0 \u00a0 \u00a0 \u00a0 \u00a0 \u00a0 \u00a0 \u00a0 \u00a0 \u00a0 \u00a0 \u00a0 \u00a0 \u00a0 \u00a0RPAC soci\u0101lais pedagogs, pedagogs karjeras konsultants Karol\u012bna Sjatkina<\/div><\/div>\t\t\t\t\t\t\t\t<\/div>\n\t\t\t\t\t<\/div>\n\t\t\t\t<\/div>\n\t\t<div data-particle_enable=\"false\" data-particle-mobile-disabled=\"false\" class=\"elementor-element elementor-element-e5848f2 e-flex e-con-boxed e-con e-parent\" data-id=\"e5848f2\" data-element_type=\"container\" data-e-type=\"container\">\n\t\t\t\t\t<div class=\"e-con-inner\">\n\t\t\t\t<div class=\"elementor-element elementor-element-5e28a8a elementor-widget elementor-widget-video\" data-id=\"5e28a8a\" data-element_type=\"widget\" data-e-type=\"widget\" data-settings=\"{&quot;video_type&quot;:&quot;vimeo&quot;}\" data-widget_type=\"video.default\">\n\t\t\t\t\t\t\t<div class=\"elementor-wrapper elementor-open-inline\">\n\t\t\t<iframe class=\"elementor-video-iframe\" allowfullscreen allow=\"clipboard-write\" title=\"vimeo Video Player\" src=\"https:\/\/player.vimeo.com\/video\/794003963?color&amp;autopause=0&amp;loop=0&amp;muted=0&amp;title=1&amp;portrait=1&amp;byline=1#t=\"><\/iframe>\t\t<\/div>\n\t\t\t\t\t\t<\/div>\n\t\t\t\t\t<\/div>\n\t\t\t\t<\/div>\n\t\t\t\t<\/div>\n\t\t","protected":false},"excerpt":{"rendered":"<p>R\u0113zeknes pamatskolas \u2013 att\u012bst\u012bbas centra skol\u0113nu pa\u0161p\u0101rvalde kop\u0101 ar 9. klas\u0113m sadarb\u012bb\u0101 ar skolas pedagogu, karjeras konsultantu 26. janv\u0101r\u012b iepazin\u0101s ar fotograf\u0113\u0161anas v\u0113sturi, izm\u0113\u0123in\u0101ja patst\u0101v\u012bgi&hellip;<\/p>\n","protected":false},"author":1,"featured_media":0,"comment_status":"closed","ping_status":"closed","sticky":false,"template":"","format":"standard","meta":{"footnotes":""},"categories":[57],"tags":[],"class_list":["post-16737","post","type-post","status-publish","format-standard","hentry","category-uncategorized-lv"],"_links":{"self":[{"href":"https:\/\/riac.lv\/index.php?rest_route=\/wp\/v2\/posts\/16737","targetHints":{"allow":["GET"]}}],"collection":[{"href":"https:\/\/riac.lv\/index.php?rest_route=\/wp\/v2\/posts"}],"about":[{"href":"https:\/\/riac.lv\/index.php?rest_route=\/wp\/v2\/types\/post"}],"author":[{"embeddable":true,"href":"https:\/\/riac.lv\/index.php?rest_route=\/wp\/v2\/users\/1"}],"replies":[{"embeddable":true,"href":"https:\/\/riac.lv\/index.php?rest_route=%2Fwp%2Fv2%2Fcomments&post=16737"}],"version-history":[{"count":4,"href":"https:\/\/riac.lv\/index.php?rest_route=\/wp\/v2\/posts\/16737\/revisions"}],"predecessor-version":[{"id":16741,"href":"https:\/\/riac.lv\/index.php?rest_route=\/wp\/v2\/posts\/16737\/revisions\/16741"}],"wp:attachment":[{"href":"https:\/\/riac.lv\/index.php?rest_route=%2Fwp%2Fv2%2Fmedia&parent=16737"}],"wp:term":[{"taxonomy":"category","embeddable":true,"href":"https:\/\/riac.lv\/index.php?rest_route=%2Fwp%2Fv2%2Fcategories&post=16737"},{"taxonomy":"post_tag","embeddable":true,"href":"https:\/\/riac.lv\/index.php?rest_route=%2Fwp%2Fv2%2Ftags&post=16737"}],"curies":[{"name":"wp","href":"https:\/\/api.w.org\/{rel}","templated":true}]}}