{"id":18679,"date":"2023-08-08T12:13:42","date_gmt":"2023-08-08T09:13:42","guid":{"rendered":"http:\/\/riac.lv\/?p=18679"},"modified":"2023-08-08T12:19:16","modified_gmt":"2023-08-08T09:19:16","slug":"sif-projekts","status":"publish","type":"post","link":"https:\/\/riac.lv\/?p=18679","title":{"rendered":"SIF projekts"},"content":{"rendered":"\t\t<div data-elementor-type=\"wp-post\" data-elementor-id=\"18679\" class=\"elementor elementor-18679\">\n\t\t\t\t<div data-particle_enable=\"false\" data-particle-mobile-disabled=\"false\" class=\"elementor-element elementor-element-725da34 e-flex e-con-boxed e-con e-parent\" data-id=\"725da34\" data-element_type=\"container\" data-e-type=\"container\">\n\t\t\t\t\t<div class=\"e-con-inner\">\n\t\t<div data-particle_enable=\"false\" data-particle-mobile-disabled=\"false\" class=\"elementor-element elementor-element-95addf5 e-con-full e-flex e-con e-parent\" data-id=\"95addf5\" data-element_type=\"container\" data-e-type=\"container\">\n\t\t\t\t<div class=\"elementor-element elementor-element-5513146 elementor-widget elementor-widget-image-gallery\" data-id=\"5513146\" data-element_type=\"widget\" data-e-type=\"widget\" data-widget_type=\"image-gallery.default\">\n\t\t\t\t\t\t\t<div class=\"elementor-image-gallery\">\n\t\t\t<div id='gallery-1' class='gallery galleryid-18679 gallery-columns-1 gallery-size-large'><figure class='gallery-item'>\n\t\t\t<div class='gallery-icon portrait'>\n\t\t\t\t<a data-elementor-open-lightbox=\"yes\" data-elementor-lightbox-slideshow=\"5513146\" data-e-action-hash=\"#elementor-action%3Aaction%3Dlightbox%26settings%3DeyJpZCI6MTg2ODEsInVybCI6Imh0dHBzOlwvXC9yaWFjLmx2XC93cC1jb250ZW50XC91cGxvYWRzXC8yMDIzXC8wOFwvUHJvZ3JhbW1hLnBuZyIsInNsaWRlc2hvdyI6IjU1MTMxNDYifQ%3D%3D\" href='https:\/\/riac.lv\/wp-content\/uploads\/2023\/08\/Programma.png'><img fetchpriority=\"high\" decoding=\"async\" width=\"592\" height=\"835\" src=\"https:\/\/riac.lv\/wp-content\/uploads\/2023\/08\/Programma.png\" class=\"attachment-large size-large\" alt=\"\" srcset=\"https:\/\/riac.lv\/wp-content\/uploads\/2023\/08\/Programma.png 592w, https:\/\/riac.lv\/wp-content\/uploads\/2023\/08\/Programma-213x300.png 213w\" sizes=\"(max-width: 592px) 100vw, 592px\" \/><\/a>\n\t\t\t<\/div><\/figure>\n\t\t<\/div>\n\t\t<\/div>\n\t\t\t\t\t\t<\/div>\n\t\t\t\t<\/div>\n\t\t<div data-particle_enable=\"false\" data-particle-mobile-disabled=\"false\" class=\"elementor-element elementor-element-e162c20 e-con-full e-flex e-con e-parent\" data-id=\"e162c20\" data-element_type=\"container\" data-e-type=\"container\">\n\t\t\t\t<div class=\"elementor-element elementor-element-66905ce elementor-widget elementor-widget-text-editor\" data-id=\"66905ce\" data-element_type=\"widget\" data-e-type=\"widget\" data-widget_type=\"text-editor.default\">\n\t\t\t\t\t\t\t\t\t<p>2023.-2024.gad\u0101 darbojas SIF projekts- Kompleksi pas\u0101kumi \u201cM\u016b\u017eizgl\u012bt\u012bbas un kult\u016bras instit\u016bta \u201cVitae\u201d\u201d darb\u012bbas stiprin\u0101\u0161anai. Projekta m\u0113r\u0137is &#8211; veicin\u0101t demokr\u0101tiskas un iek\u013caujo\u0161as sabiedr\u012bbas veido\u0161anos Latvij\u0101, nodro\u0161inot jaunie\u0161iem ar \u012bpa\u0161\u0101m vajadz\u012bb\u0101m atbalsto\u0161u vidi, t.i., p\u0101rst\u0101v\u0113t jaunie\u0161u ar \u012bpa\u0161\u0101m vajadz\u012bb\u0101m intereses da\u017e\u0101da l\u012bme\u0146a instit\u016bcij\u0101s un organiz\u0101cij\u0101s; veidot jaunie\u0161u ar \u012bpa\u0161\u0101m vajadz\u012bb\u0101m br\u012bvpr\u0101t\u012bgo mentoru atbalsta t\u012bklu re\u0123ionos, iesaistot taj\u0101 speci\u0101lo izgl\u012bt\u012bbas iest\u0101\u017eu darbiniekus un pension\u0113tos pedagogus; sekm\u0113t speci\u0101lo izgl\u012bt\u012bbas iest\u0101\u017eu komandu t\u012bklo\u0161anos, ar m\u0113r\u0137i veicin\u0101t to savstarp\u0113jo sadarb\u012bbu un nodro\u0161in\u0101t inform\u0101cijas apriti; k\u0101 ar\u012b stiprin\u0101t M\u016b\u017eizgl\u012bt\u012bbas un kult\u016bras instit\u016bta \u201cVitae\u201d darb\u012bbu, nodro\u0161inot ikdien\u0101 nepiecie\u0161amos resursus biedr\u012bbas darb\u012bbai un att\u012bst\u012bbai 2023. un 2024. gad\u0101.<\/p><p>\u0160\u012b projekta pamata m\u0113r\u0137a grupa ir biedr\u012bbas \u201cM\u016b\u017eizgl\u012bt\u012bbas un kult\u016bras instit\u016bts \u201eVitae\u201d\u201d komanda un p\u0101rst\u0101vji, speci\u0101lo izgl\u012bt\u012bbas iest\u0101\u017eu vad\u012bbas komandas un piesaist\u012btie br\u012bvpr\u0101t\u012bgie. Projekta netie\u0161\u0101 m\u0113r\u0137a grupa, t.i., kuru intereses tiks p\u0101rst\u0101v\u0113tas, ir jaunie\u0161i ar \u012bpa\u0161\u0101m vajadz\u012bb\u0101m, kuriem vi\u0146u potenci\u0101la att\u012bst\u012bbai nepiecie\u0161ama ne tikai kvalitat\u012bva izgl\u012bt\u012bba, k\u0101 min\u0113ts pamatnost\u0101dn\u0113s, bet t\u0101 k\u0101 \u0161iem jaunie\u0161iem tr\u016bkst t\u0101das prasmes, kas ir ierastas vi\u0146u vienaud\u017eiem, lai veiksm\u012bgi iek\u013cautos darba tirg\u016b un sabiedr\u012bb\u0101.<\/p><p>Projekt\u0101 pl\u0101notas da\u017e\u0101das aktivit\u0101tes, k\u0101 sabiedr\u012bbas inform\u0113\u0161ana, intere\u0161u p\u0101rst\u0101vniec\u012bba, mentoru t\u012bkls \u2013 br\u012bvpr\u0101t\u012bgo piesaist\u012b\u0161ana,\u00a0 lai pal\u012bdz\u0113tu jaunie\u0161iem ar \u012bpa\u0161\u0101m vajadz\u012bb\u0101m un vi\u0146u likumiskajiem p\u0101rst\u0101vjiem sadarboties ar da\u017e\u0101d\u0101m valsts un pa\u0161vald\u012bbu instit\u016bcij\u0101m, speci\u0101lo izgl\u012bt\u012bbas iest\u0101\u017eu t\u012bklo\u0161an\u0101s, vasaras universit\u0101te- lekcijas, meistarklases un praktisk\u0101s darbn\u012bcas, kas veicin\u0101s da\u017e\u0101du prasmju att\u012bst\u012bbu.<\/p><p>Projekt\u0101 piedal\u0101s ar\u012b\u00a0 R\u0113zeknes pamatskola-att\u012bst\u012bbas centrs, darbojoties\u00a0 par skol\u0113nu un jaunie\u0161u ar \u012bpa\u0161\u0101m vajadz\u012bb\u0101m atbalsto\u0161as vides pilnveidi.<\/p>\t\t\t\t\t\t\t\t<\/div>\n\t\t\t\t<\/div>\n\t\t\t\t\t<\/div>\n\t\t\t\t<\/div>\n\t\t\t\t<\/div>\n\t\t","protected":false},"excerpt":{"rendered":"<p>2023.-2024.gad\u0101 darbojas SIF projekts- Kompleksi pas\u0101kumi \u201cM\u016b\u017eizgl\u012bt\u012bbas un kult\u016bras instit\u016bta \u201cVitae\u201d\u201d darb\u012bbas stiprin\u0101\u0161anai. Projekta m\u0113r\u0137is &#8211; veicin\u0101t demokr\u0101tiskas un iek\u013caujo\u0161as sabiedr\u012bbas veido\u0161anos Latvij\u0101, nodro\u0161inot jaunie\u0161iem&hellip;<\/p>\n","protected":false},"author":1,"featured_media":0,"comment_status":"closed","ping_status":"closed","sticky":false,"template":"","format":"standard","meta":{"footnotes":""},"categories":[57],"tags":[],"class_list":["post-18679","post","type-post","status-publish","format-standard","hentry","category-uncategorized-lv"],"_links":{"self":[{"href":"https:\/\/riac.lv\/index.php?rest_route=\/wp\/v2\/posts\/18679","targetHints":{"allow":["GET"]}}],"collection":[{"href":"https:\/\/riac.lv\/index.php?rest_route=\/wp\/v2\/posts"}],"about":[{"href":"https:\/\/riac.lv\/index.php?rest_route=\/wp\/v2\/types\/post"}],"author":[{"embeddable":true,"href":"https:\/\/riac.lv\/index.php?rest_route=\/wp\/v2\/users\/1"}],"replies":[{"embeddable":true,"href":"https:\/\/riac.lv\/index.php?rest_route=%2Fwp%2Fv2%2Fcomments&post=18679"}],"version-history":[{"count":10,"href":"https:\/\/riac.lv\/index.php?rest_route=\/wp\/v2\/posts\/18679\/revisions"}],"predecessor-version":[{"id":18690,"href":"https:\/\/riac.lv\/index.php?rest_route=\/wp\/v2\/posts\/18679\/revisions\/18690"}],"wp:attachment":[{"href":"https:\/\/riac.lv\/index.php?rest_route=%2Fwp%2Fv2%2Fmedia&parent=18679"}],"wp:term":[{"taxonomy":"category","embeddable":true,"href":"https:\/\/riac.lv\/index.php?rest_route=%2Fwp%2Fv2%2Fcategories&post=18679"},{"taxonomy":"post_tag","embeddable":true,"href":"https:\/\/riac.lv\/index.php?rest_route=%2Fwp%2Fv2%2Ftags&post=18679"}],"curies":[{"name":"wp","href":"https:\/\/api.w.org\/{rel}","templated":true}]}}