{"id":19734,"date":"2023-10-17T13:12:00","date_gmt":"2023-10-17T10:12:00","guid":{"rendered":"http:\/\/riac.lv\/?p=19734"},"modified":"2023-11-01T09:57:37","modified_gmt":"2023-11-01T07:57:37","slug":"rezeknes-pamatskola-attistibas-centrs-svin-100-gadu-jubileju","status":"publish","type":"post","link":"https:\/\/riac.lv\/?p=19734","title":{"rendered":"R\u0113zeknes pamatskola &#8211; att\u012bst\u012bbas centrs svin 100 gadu jubileju!"},"content":{"rendered":"\t\t<div data-elementor-type=\"wp-post\" data-elementor-id=\"19734\" class=\"elementor elementor-19734\">\n\t\t\t\t<div data-particle_enable=\"false\" data-particle-mobile-disabled=\"false\" class=\"elementor-element elementor-element-64d548c e-flex e-con-boxed e-con e-parent\" data-id=\"64d548c\" data-element_type=\"container\" data-e-type=\"container\">\n\t\t\t\t\t<div class=\"e-con-inner\">\n\t\t\t\t<div class=\"elementor-element elementor-element-c09acc2 elementor-widget elementor-widget-text-editor\" data-id=\"c09acc2\" data-element_type=\"widget\" data-e-type=\"widget\" data-widget_type=\"text-editor.default\">\n\t\t\t\t\t\t\t\t\t<p>Sevis un savu sak\u0146u apzin\u0101\u0161an\u0101s s\u0101kas ar savas skolas v\u0113stures izzin\u0101\u0161anu. \u0160ogad R\u0113zeknes pamatskola-att\u012bst\u012bbas centrs svin 100 gadu jubileju. Nosaukumi skolai ir main\u012bju\u0161ies, bet b\u016bt\u012bba ir palikusi- pal\u012bdz\u0113t b\u0113rniem ar speci\u0101laj\u0101m vajadz\u012bb\u0101m.<\/p><p>Skolas v\u0113sture ir bag\u0101ta, sena un interesanta. 1923.gad\u0101 Maltas pagasta Dlu\u017e\u0146ovas mui\u017e\u0101 atver m\u0101c\u012bbu iest\u0101di, ko v\u0113l\u0101k nosauc par\u00a0 Laiz\u0101nu valsts kurlm\u0113mo b\u0113rnu skolu. Skol\u0101 m\u0101c\u0101s vair\u0101k k\u0101 200 skol\u0113nu, taj\u0101 ir ar\u012b \u0161\u016b\u0161anas, galdniec\u012bbas un kal\u0113ju darbn\u012bcas, skol\u0113ni tiek apm\u0101c\u012bti lauksaimniec\u012bbas darbiem. Kara laik\u0101 skolas telpas tiek izmantotas v\u0101cu armijas vajadz\u012bb\u0101m, bet lai ar\u012b gr\u016bt\u012bb\u0101s, tom\u0113r darbu skola nep\u0101rtrauc. 1944. gada beig\u0101s Maltas pagasts skolai telpas iedala Maltas ciem\u0101. 1950.gad\u0101, kad tiek\u00a0 nodibin\u0101ts Maltas rajons un \u00a0skolas telpas ir vajadz\u012bgas rajona iest\u0101d\u0113m, tad kurlm\u0113mo b\u0113rnu skolu p\u0101rved uz lauku teritoriju Feima\u0146os, kur sadz\u012bves apst\u0101k\u013ci ir pavisam pietic\u012bgi. Skolas direktore V.\u0160ablinska daudz p\u016b\u013cu velta, lai pier\u0101d\u012btu, ka telpas nav piem\u0113rotas darbam, un t\u0101 1956. gad\u0101 p\u0101riet uz jaunuzcelto skolu R\u0113zekn\u0113. Skol\u0101 tiek iek\u0101rtotas klases, gu\u013camistabas, citas telpas, iepirkti m\u0101c\u012bbu l\u012bdzek\u013ci, jauns invent\u0101rs un 18. novembr\u012b s\u0101kas m\u0101c\u012bbu stundas. V\u0113l\u0101k tiek atv\u0113rtas \u00a0ar\u012b pirmsskolas grupi\u0146as. Vec\u0101kaj\u0101s klas\u0113s liela uzman\u012bba tiek velt\u012bta b\u0113rnu sagatavo\u0161anai t\u0101l\u0101kajai dz\u012bvei- notiek nodarb\u012bbas da\u017e\u0101dos pulci\u0146os, m\u0101kslinieciskaj\u0101 pa\u0161darb\u012bb\u0101 un sport\u0101. 1969. gad\u0101, direktora F.Laura laik\u0101, atver vienu valodas trauc\u0113jumu \u00a0klasi, bet no 1980. gada iest\u0101de \u00a0darbojas k\u0101 speci\u0101l\u0101 skola b\u0113rniem ar smagiem valodas trauc\u0113jumiem.<\/p><p>\u00a0No 1977.gada par skolas direktoru str\u0101d\u0101 P.An\u010dup\u0101ns. \u0160aj\u0101 laik\u0101 uzlabojas metodisko komisiju darbs, sadarb\u012bba ar cit\u0101m skol\u0101m, tiek pilnveidotas\u00a0 metodes darb\u0101 ar valodas trauc\u0113jumu un nedzird\u012bgajiem\u00a0 b\u0113rniem.<\/p><p>1988.gad\u0101 skolu s\u0101k vad\u012bt direktors J.Ro\u017eukalns. Skola k\u013c\u016bst skaist\u0101ka un labiek\u0101rtot\u0101ka, tiek pilnveidota materi\u0101li tehnisk\u0101 b\u0101ze- ieg\u0101d\u0101ti datori, jauni televizori, autotransports. Tradicion\u0101las ir m\u0101c\u012bbu priek\u0161metu ned\u0113\u013cas, skol\u0113nu projektu izst\u0101des, skolot\u0101ju un skol\u0113nu rado\u0161o darbu konkursi. Tiek izveidoti 6 jauni kabineti- logop\u0113diem un atbalsta person\u0101lam. Skol\u0113nu valoda tiek kori\u0123\u0113ta\u00a0 ikdien\u0101\u00a0 logop\u0113diskaj\u0101s nodarb\u012bb\u0101s un \u00a0automatiz\u0113ta m\u0101c\u012bbu stund\u0101s. Skol\u0113ni var darboties vair\u0101k k\u0101 desmit pulci\u0146os, deju kolekt\u012bv\u0101 un p\u016bt\u0113ju or\u0137estr\u012b.<\/p><p>2009.gad\u0101 par skolas direktori k\u013c\u016bst R.Zommere- atbild\u012bga, rado\u0161a,\u00a0 m\u0113r\u0137tiec\u012bga. \u00a0Tiek izveidots att\u012bst\u012bbas centrs, kura m\u0113r\u0137is ir izgl\u012btojo\u0161as, konsultat\u012bvas un metodiskas pal\u012bdz\u012bbas snieg\u0161ana Latgales re\u0123iona pirmsskolas, speci\u0101lo un visp\u0101rizgl\u012btojo\u0161o skolu pedagogiem, izgl\u012btojamajiem un vi\u0146u vec\u0101kiem. Att\u012bst\u012bbas centra darbinieki nodro\u0161ina metodisku un pedago\u0123isku pal\u012bdz\u012bbu pedagogiem jaut\u0101jumos par atbalsta pas\u0101kumu piem\u0113ro\u0161anu, individu\u0101l\u0101 izgl\u012bt\u012bbas programmas apguves pl\u0101na izstr\u0101di un m\u0101c\u012bbu sasniegumu dinamikas izv\u0113rt\u0113jumu izgl\u012btojamajam ar speci\u0101laj\u0101m vajadz\u012bb\u0101m, izstr\u0101d\u0101 m\u0101c\u012bbu vai metodiskos atbalsta materi\u0101lus, lai veicin\u0101tu izgl\u012btojamo ar speci\u0101laj\u0101m vajadz\u012bb\u0101m integr\u0113\u0161anu izgl\u012bt\u012bbas apguves proces\u0101, sniedz agr\u012bnu speci\u0101lo vajadz\u012bbu diagnostiku pirmsskolas vecuma b\u0113rniem, sadarbojas\u00a0 ar augstskol\u0101m p\u0113tniec\u012bbas jaut\u0101jumos.<\/p><p>No \u0161\u012b m\u0101c\u012bbu gada R\u0113zeknes pamatskola \u2013 att\u012bst\u012bbas centrs \u00a0ir visp\u0101r\u0113j\u0101s pamatizgl\u012bt\u012bbas iest\u0101de, kas realiz\u0113 speci\u0101l\u0101s pirmsskolas un pamatizgl\u012bt\u012bbas programmas b\u0113rniem ar gar\u012bg\u0101s att\u012bst\u012bbas trauc\u0113jumiem. Izgl\u012btojamie\u00a0 tiek uz\u0146emti visa m\u0101c\u012bbu gada laik\u0101 ar\u00a0 valsts vai pa\u0161vald\u012bbas pedago\u0123iski medic\u012bnisk\u0101s komisijas\u00a0 atzinumu.<\/p><p>\u00a0Jau vair\u0101kus gadus izgl\u012bt\u012bbas iest\u0101de realiz\u0113 ar\u012b profesion\u0101l\u0101s pamatizgl\u012bt\u012bbas programmas izgl\u012btojamajiem ar speci\u0101laj\u0101m vajadz\u012bb\u0101m. Audz\u0113k\u0146i p\u0113c pamatskolas tiek uz\u0146emti profesion\u0101laj\u0101 pamatizgl\u012bt\u012bbas programm\u0101 \u201cM\u0101jtur\u012bba\u201d un \u201c\u0112din\u0101\u0161anas pakalpojumi\u201d, kuras beidzot tiek ieg\u016btas 2. profesion\u0101l\u0101s kvalifik\u0101cijas l\u012bme\u0146a specialit\u0101tes \u201cM\u0101jkalpot\u0101js\u201d vai \u201cVirtuves darbinieks\u201d.<\/p><p>Skol\u0101 tiek nodro\u0161in\u0101ta\u00a0 harmoniska\u00a0izgl\u012btojamo att\u012bst\u012bba, iev\u0113rojot vi\u0146u\u00a0sp\u0113jas,\u00a0vesel\u012bbas st\u0101vokli,\u00a0intereses, radot iesp\u0113jas un vidi zin\u0101\u0161anu ieguvei, darba iema\u0146u un prasmju att\u012bst\u012bbai, att\u012bstot ikviena b\u0113rna rado\u0161umu, talantu. M\u0101c\u012bbu un audzin\u0101\u0161anas\u00a0 proces\u0101 noteico\u0161\u0101 ir \u00a0izgl\u012bt\u012bbas satura \u012bsteno\u0161ana ar individu\u0101lu\u00a0un\u00a0diferenc\u0113tu\u00a0pieeju m\u0101c\u012bbu stund\u0101s, \u0101rpusstundu, individu\u0101laj\u0101s un grupu atbalsta nodarb\u012bb\u0101s ar atbilsto\u0161iem m\u0101c\u012bbu materi\u0101liem un \u00a0piel\u0101got\u0101m darba metod\u0113m. Tiek pied\u0101v\u0101tas \u00a0ar\u012b kori\u0123\u0113jo\u0161i att\u012bsto\u0161\u0101s nodarb\u012bbas. Skol\u0113niem ir iesp\u0113ja realiz\u0113t k\u0101du no sav\u0101m sp\u0113j\u0101m un talantiem \u0101rpusklases nodarb\u012bb\u0101s, un pas\u0101kumos, \u00a0kas tiek pak\u0101rtotas kop\u0113jiem sasniedzamajiem rezult\u0101tiem m\u0101c\u012bbu darb\u0101. Jau \u0161aj\u0101 ruden\u012b ir notiku\u0161i vair\u0101ki darb\u012bgi, izzino\u0161i un jautri pas\u0101kumi- \u201cJautrais Mi\u0137el\u012btis\u201d, \u201cRudens veltes\u201d, \u201cSaules ziedu st\u0101sti skolot\u0101jai\u201d, \u201cLabo darbu ned\u0113\u013ca man\u0101 \u0123imen\u0113\u201d, \u201cLapu salidojums\u201d u.c., kur akt\u012bvi piedal\u0101s skol\u0113ni, un tiek iesaist\u012btas ar\u012b \u0123imenes.<\/p><p>\u00a0\u00a0\u00a0\u00a0 Visas klases izmanto iesp\u0113ju kult\u016brizgl\u012bt\u012bbas programmas\u00a0 \u201cLatvijas skolas soma\u201d ietvaros\u00a0 iepaz\u012bt Latvijas kult\u016bras v\u0113rt\u012bbas un starpdisciplin\u0101r\u0101 veid\u0101 apg\u016bt m\u0101c\u012bbu saturu, papla\u0161in\u0101t redzesloku un veicin\u0101t lepnumu par savu novadu.<\/p><p>Katru vasaru skol\u0101 tiek organiz\u0113ta vasaras atp\u016btas nometne \u201eLai skan!\u201d\u00a0 b\u0113rniem ar valodas, m\u0101c\u012b\u0161an\u0101s trauc\u0113jumiem un \u012bpa\u0161\u0101m vajadz\u012bb\u0101m. B\u0113rniem tiek sniegts logop\u0113diskais, kori\u0123\u0113jo\u0161ais atbalsts, organiz\u0113ta atp\u016bta, vesel\u012bbu veicino\u0161as nodarb\u012bbas, ekskursijas. Katru gadu nometn\u0113 darbojas\u00a0 vair\u0101k k\u0101 divdesmit b\u0113rni ar speci\u0101laj\u0101m vajadz\u012bb\u0101m no pils\u0113tas un novada.<\/p><p>Skolas liel\u0101k\u0101 bag\u0101t\u012bba ir m\u016bsu pedagogi un visi darbinieki. Skol\u0101 ir kvalific\u0113ts pedago\u0123iskais un atbalsta person\u0101ls, kuri\u00a0izgl\u012btojamajiem\u00a0 nodro\u0161ina\u00a0individu\u0101lu pieeju, sniedz pedago\u0123isko, psiholo\u0123isko, soci\u0101lo\u00a0atbalstu\u00a0un\u00a0medic\u012bnisko pal\u012bdz\u012bbu. M\u0113s lepojamies ar skolas absolventiem, \u00a0kuri\u00a0 turpina izgl\u012btoties, str\u0101d\u0101\u00a0 un ir veiksm\u012bgi integr\u0113ju\u0161ies sabiedr\u012bb\u0101. M\u0113s esam pateic\u012bgi visiem skolas pedagogiem un darbiniekiem, kuri gadu gait\u0101 ir str\u0101d\u0101ju\u0161i m\u016bsu skol\u0101 un ieguld\u012bju\u0161i sirdsdegsmi savos skol\u0113nos un nesu\u0161i skolas labo v\u0101rdu Latvij\u0101.<\/p><p>Skolai ir rakstur\u012bga iek\u013caujo\u0161a, atbalsto\u0161a, pozit\u012bva m\u0101c\u012bbu un sadz\u012bves vide, pie mums \u00a0vienl\u012bdz \u00a0labi j\u016btas gan\u00a0pirmsskolas, gan\u00a0skolas vecuma\u00a0izgl\u012btojamie, gan\u00a0profesion\u0101l\u0101s izgl\u012bt\u012bbas\u00a0audz\u0113k\u0146i. M\u0101c\u0101mies kop\u0101 saskat\u012bt, ka katram m\u0101konim ir sava zelta mali\u0146a un katram b\u0113rnam ir savas iesp\u0113jas izgl\u012bt\u012bbai un turpm\u0101kajai dz\u012bvei.<\/p><p>Direktores vietniece izgl\u012bt\u012bbas jom\u0101 Anna Deksne<\/p>\t\t\t\t\t\t\t\t<\/div>\n\t\t\t\t\t<\/div>\n\t\t\t\t<\/div>\n\t\t<div data-particle_enable=\"false\" data-particle-mobile-disabled=\"false\" class=\"elementor-element elementor-element-604e194 e-flex e-con-boxed e-con e-parent\" data-id=\"604e194\" data-element_type=\"container\" data-e-type=\"container\">\n\t\t\t\t\t<div class=\"e-con-inner\">\n\t\t\t\t<div class=\"elementor-element elementor-element-3c764c1 elementor-widget elementor-widget-image-gallery\" data-id=\"3c764c1\" data-element_type=\"widget\" data-e-type=\"widget\" data-widget_type=\"image-gallery.default\">\n\t\t\t\t\t\t\t<div class=\"elementor-image-gallery\">\n\t\t\t<div id='gallery-1' class='gallery galleryid-19734 gallery-columns-1 gallery-size-large'><figure class='gallery-item'>\n\t\t\t<div class='gallery-icon landscape'>\n\t\t\t\t<a data-elementor-open-lightbox=\"yes\" data-elementor-lightbox-slideshow=\"3c764c1\" data-e-action-hash=\"#elementor-action%3Aaction%3Dlightbox%26settings%3DeyJpZCI6MTk3MzYsInVybCI6Imh0dHBzOlwvXC9yaWFjLmx2XC93cC1jb250ZW50XC91cGxvYWRzXC8yMDIzXC8xMVwvV2hhdHNBcHAtSW1hZ2UtMjAyMy0xMC0xNy1hdC0xMi4yOC4xNC1QTS5qcGVnIiwic2xpZGVzaG93IjoiM2M3NjRjMSJ9\" href='https:\/\/riac.lv\/wp-content\/uploads\/2023\/11\/WhatsApp-Image-2023-10-17-at-12.28.14-PM.jpeg'><img fetchpriority=\"high\" decoding=\"async\" width=\"833\" height=\"523\" src=\"https:\/\/riac.lv\/wp-content\/uploads\/2023\/11\/WhatsApp-Image-2023-10-17-at-12.28.14-PM.jpeg\" class=\"attachment-large size-large\" alt=\"\" srcset=\"https:\/\/riac.lv\/wp-content\/uploads\/2023\/11\/WhatsApp-Image-2023-10-17-at-12.28.14-PM.jpeg 833w, https:\/\/riac.lv\/wp-content\/uploads\/2023\/11\/WhatsApp-Image-2023-10-17-at-12.28.14-PM-300x188.jpeg 300w, https:\/\/riac.lv\/wp-content\/uploads\/2023\/11\/WhatsApp-Image-2023-10-17-at-12.28.14-PM-768x482.jpeg 768w\" sizes=\"(max-width: 833px) 100vw, 833px\" \/><\/a>\n\t\t\t<\/div><\/figure>\n\t\t<\/div>\n\t\t<\/div>\n\t\t\t\t\t\t<\/div>\n\t\t\t\t\t<\/div>\n\t\t\t\t<\/div>\n\t\t\t\t<\/div>\n\t\t","protected":false},"excerpt":{"rendered":"<p>Sevis un savu sak\u0146u apzin\u0101\u0161an\u0101s s\u0101kas ar savas skolas v\u0113stures izzin\u0101\u0161anu. \u0160ogad R\u0113zeknes pamatskola-att\u012bst\u012bbas centrs svin 100 gadu jubileju. Nosaukumi skolai ir main\u012bju\u0161ies, bet b\u016bt\u012bba&hellip;<\/p>\n","protected":false},"author":1,"featured_media":0,"comment_status":"closed","ping_status":"closed","sticky":false,"template":"","format":"standard","meta":{"footnotes":""},"categories":[57],"tags":[],"class_list":["post-19734","post","type-post","status-publish","format-standard","hentry","category-uncategorized-lv"],"_links":{"self":[{"href":"https:\/\/riac.lv\/index.php?rest_route=\/wp\/v2\/posts\/19734","targetHints":{"allow":["GET"]}}],"collection":[{"href":"https:\/\/riac.lv\/index.php?rest_route=\/wp\/v2\/posts"}],"about":[{"href":"https:\/\/riac.lv\/index.php?rest_route=\/wp\/v2\/types\/post"}],"author":[{"embeddable":true,"href":"https:\/\/riac.lv\/index.php?rest_route=\/wp\/v2\/users\/1"}],"replies":[{"embeddable":true,"href":"https:\/\/riac.lv\/index.php?rest_route=%2Fwp%2Fv2%2Fcomments&post=19734"}],"version-history":[{"count":6,"href":"https:\/\/riac.lv\/index.php?rest_route=\/wp\/v2\/posts\/19734\/revisions"}],"predecessor-version":[{"id":19739,"href":"https:\/\/riac.lv\/index.php?rest_route=\/wp\/v2\/posts\/19734\/revisions\/19739"}],"wp:attachment":[{"href":"https:\/\/riac.lv\/index.php?rest_route=%2Fwp%2Fv2%2Fmedia&parent=19734"}],"wp:term":[{"taxonomy":"category","embeddable":true,"href":"https:\/\/riac.lv\/index.php?rest_route=%2Fwp%2Fv2%2Fcategories&post=19734"},{"taxonomy":"post_tag","embeddable":true,"href":"https:\/\/riac.lv\/index.php?rest_route=%2Fwp%2Fv2%2Ftags&post=19734"}],"curies":[{"name":"wp","href":"https:\/\/api.w.org\/{rel}","templated":true}]}}